{"id":16927,"date":"2024-07-25T12:43:51","date_gmt":"2024-07-25T10:43:51","guid":{"rendered":"http:\/\/bcwd259.bookerclub.com\/sagrada-familia\/"},"modified":"2024-08-06T12:06:04","modified_gmt":"2024-08-06T10:06:04","slug":"sagrada-familia","status":"publish","type":"post","link":"https:\/\/www.mayerlingschumann.com\/fr\/sagrada-familia\/","title":{"rendered":"Sagrada Familia"},"content":{"rendered":"\n<p>Entrer dans l&#8217;\u00e9glise expiatoire de la Sagrada Familia, le chef-d&#8217;\u0153uvre inachev\u00e9 du g\u00e9nial architecte Gaud\u00ed, est l&#8217;une des meilleures choses \u00e0 faire \u00e0 Barcelone.<\/p>\n\n<p>Plus grand repr\u00e9sentant du modernisme catalan, Gaud\u00ed a pris les r\u00eanes de la construction de cette \u00e9glise en 1883, dont la premi\u00e8re pierre avait \u00e9t\u00e9 pos\u00e9e un an plus t\u00f4t, laissant tous les plans \u00e0 de futurs architectes pour terminer l&#8217;\u0153uvre \u00e0 sa mort en 1926.<br\/>Avec un int\u00e9rieur et un ext\u00e9rieur merveilleux, nous pouvons dire que la Sagrada Familia n&#8217;est comparable \u00e0 aucune autre \u00e9glise dans le monde, en grande partie gr\u00e2ce \u00e0 l&#8217;exp\u00e9rience et aux nouvelles techniques utilis\u00e9es par Gaud\u00ed, cr\u00e9ant un style naturaliste, o\u00f9 tous ses \u00e9l\u00e9ments se fondent en totale harmonie. \u00c0 titre de curiosit\u00e9, nous pouvons vous dire qu&#8217;\u00e0 l&#8217;ext\u00e9rieur, les trois fa\u00e7ades consacr\u00e9es \u00e0 la naissance, \u00e0 la passion et \u00e0 la gloire de J\u00e9sus se d\u00e9tachent et que les tours atteindront 172 m\u00e8tres lorsque le monument sera achev\u00e9.<br\/>Une fois termin\u00e9e, elle deviendra l&#8217;\u00e9glise chr\u00e9tienne la plus haute du monde. Comme vous pouvez l&#8217;imaginer, nous sommes d\u00e9j\u00e0 impatients et comptons les jours pour la voir dans toute sa splendeur.<\/p>\n","protected":false},"excerpt":{"rendered":"<p>Entrer dans l&#8217;\u00e9glise expiatoire de la Sagrada Familia, le chef-d&#8217;\u0153uvre inachev\u00e9 du g\u00e9nial architecte Gaud\u00ed, est l&#8217;une des meilleures choses \u00e0 faire \u00e0 Barcelone. Plus grand repr\u00e9sentant du modernisme catalan,&#8230;<\/p>\n","protected":false},"author":4,"featured_media":16756,"comment_status":"closed","ping_status":"open","sticky":false,"template":"","format":"standard","meta":{"footnotes":""},"categories":[130],"tags":[],"class_list":{"0":"post-16927","1":"post","2":"type-post","3":"status-publish","4":"format-standard","5":"has-post-thumbnail","7":"category-blog-mayerling-schumann-barcelona-fr"},"_links":{"self":[{"href":"https:\/\/www.mayerlingschumann.com\/fr\/wp-json\/wp\/v2\/posts\/16927","targetHints":{"allow":["GET"]}}],"collection":[{"href":"https:\/\/www.mayerlingschumann.com\/fr\/wp-json\/wp\/v2\/posts"}],"about":[{"href":"https:\/\/www.mayerlingschumann.com\/fr\/wp-json\/wp\/v2\/types\/post"}],"author":[{"embeddable":true,"href":"https:\/\/www.mayerlingschumann.com\/fr\/wp-json\/wp\/v2\/users\/4"}],"replies":[{"embeddable":true,"href":"https:\/\/www.mayerlingschumann.com\/fr\/wp-json\/wp\/v2\/comments?post=16927"}],"version-history":[{"count":1,"href":"https:\/\/www.mayerlingschumann.com\/fr\/wp-json\/wp\/v2\/posts\/16927\/revisions"}],"predecessor-version":[{"id":16929,"href":"https:\/\/www.mayerlingschumann.com\/fr\/wp-json\/wp\/v2\/posts\/16927\/revisions\/16929"}],"wp:featuredmedia":[{"embeddable":true,"href":"https:\/\/www.mayerlingschumann.com\/fr\/wp-json\/wp\/v2\/media\/16756"}],"wp:attachment":[{"href":"https:\/\/www.mayerlingschumann.com\/fr\/wp-json\/wp\/v2\/media?parent=16927"}],"wp:term":[{"taxonomy":"category","embeddable":true,"href":"https:\/\/www.mayerlingschumann.com\/fr\/wp-json\/wp\/v2\/categories?post=16927"},{"taxonomy":"post_tag","embeddable":true,"href":"https:\/\/www.mayerlingschumann.com\/fr\/wp-json\/wp\/v2\/tags?post=16927"}],"curies":[{"name":"wp","href":"https:\/\/api.w.org\/{rel}","templated":true}]}}